{"id":32,"date":"2015-02-04T18:12:33","date_gmt":"2015-02-04T17:12:33","guid":{"rendered":"http:\/\/www.gregoiredetours.fr\/blog\/?p=32"},"modified":"2015-02-04T18:12:33","modified_gmt":"2015-02-04T17:12:33","slug":"cherche-auteurs-de-bds-historiques","status":"publish","type":"post","link":"https:\/\/www.gregoiredetours.fr\/blog\/2015\/02\/04\/cherche-auteurs-de-bds-historiques\/","title":{"rendered":"Cherche auteurs de BDs historiques"},"content":{"rendered":"<p>Le Service Historique de la D\u00e9fense organise un festival au ch\u00e2teau de Vincennes sur le th\u00e8me des bandes dessin\u00e9es \u00e0 caract\u00e8re historique. A cette occasion, les organisateurs recherchent notamment des auteurs ou \u00e9diteurs de BD pour les y inviter. Vos contacts et connaissances dans ce m\u00e9tier sont les bienvenus. Vous pouvez utiliser le <a href=\"http:\/\/www.gregoiredetours.fr\/contact\/\">formulaire de contact<\/a> pour nous contacter, et nous transmettrons. Merci !<\/p>\n","protected":false},"excerpt":{"rendered":"<p>Le Service Historique de la D\u00e9fense organise un festival au ch\u00e2teau de Vincennes sur le th\u00e8me des bandes dessin\u00e9es \u00e0 caract\u00e8re historique. A cette occasion, les organisateurs recherchent notamment des auteurs ou \u00e9diteurs de BD pour les y inviter. Vos contacts et connaissances dans ce m\u00e9tier sont les bienvenus. Vous pouvez utiliser le formulaire de &hellip; <a href=\"https:\/\/www.gregoiredetours.fr\/blog\/2015\/02\/04\/cherche-auteurs-de-bds-historiques\/\" class=\"more-link\">Continuer la lecture de <span class=\"screen-reader-text\">Cherche auteurs de BDs historiques<\/span><\/a><\/p>\n","protected":false},"author":1,"featured_media":0,"comment_status":"open","ping_status":"open","sticky":false,"template":"","format":"aside","meta":[],"categories":[4],"tags":[],"_links":{"self":[{"href":"https:\/\/www.gregoiredetours.fr\/blog\/wp-json\/wp\/v2\/posts\/32"}],"collection":[{"href":"https:\/\/www.gregoiredetours.fr\/blog\/wp-json\/wp\/v2\/posts"}],"about":[{"href":"https:\/\/www.gregoiredetours.fr\/blog\/wp-json\/wp\/v2\/types\/post"}],"author":[{"embeddable":true,"href":"https:\/\/www.gregoiredetours.fr\/blog\/wp-json\/wp\/v2\/users\/1"}],"replies":[{"embeddable":true,"href":"https:\/\/www.gregoiredetours.fr\/blog\/wp-json\/wp\/v2\/comments?post=32"}],"version-history":[{"count":1,"href":"https:\/\/www.gregoiredetours.fr\/blog\/wp-json\/wp\/v2\/posts\/32\/revisions"}],"predecessor-version":[{"id":33,"href":"https:\/\/www.gregoiredetours.fr\/blog\/wp-json\/wp\/v2\/posts\/32\/revisions\/33"}],"wp:attachment":[{"href":"https:\/\/www.gregoiredetours.fr\/blog\/wp-json\/wp\/v2\/media?parent=32"}],"wp:term":[{"taxonomy":"category","embeddable":true,"href":"https:\/\/www.gregoiredetours.fr\/blog\/wp-json\/wp\/v2\/categories?post=32"},{"taxonomy":"post_tag","embeddable":true,"href":"https:\/\/www.gregoiredetours.fr\/blog\/wp-json\/wp\/v2\/tags?post=32"}],"curies":[{"name":"wp","href":"https:\/\/api.w.org\/{rel}","templated":true}]}}