{"id":315,"date":"2026-03-12T15:55:30","date_gmt":"2026-03-12T14:55:30","guid":{"rendered":"https:\/\/www.gregoiredetours.fr\/blog\/?p=315"},"modified":"2026-03-12T15:55:30","modified_gmt":"2026-03-12T14:55:30","slug":"tribune-libre-16e-festival-international-du-film-de-la-roche-sur-yon-en-vendee","status":"publish","type":"post","link":"https:\/\/www.gregoiredetours.fr\/blog\/2026\/03\/12\/tribune-libre-16e-festival-international-du-film-de-la-roche-sur-yon-en-vendee\/","title":{"rendered":"[Tribune libre] 16e festival international du film de La Roche-sur-Yon en Vend\u00e9e"},"content":{"rendered":"<p>Ce festival s\u2019est d\u00e9roul\u00e9 du 13 au 19 octobre 2025. La prochaine \u00e9dition du Festival aura lieu du 12 au 18 octobre 2026. Chaque ann\u00e9e, il draine plus de30 000 entr\u00e9es. Il n\u2019a pu se d\u00e9rouler cette ann\u00e9e que gr\u00e2ce \u00e0 une subvention exceptionnelle du Centre national du cin\u00e9ma et de l\u2019image anim\u00e9e. En effet le Conseil R\u00e9gional des Pays de la Loire a supprim\u00e9 sa subvention qui couvrait 11% de son budget. Le FIF85 est g\u00e9n\u00e9raliste et \u00e9clectique, il reste un bel outil de mise en avant du cin\u00e9ma ind\u00e9pendant. Ce festival a toujours promu une belle diversit\u00e9 culturelle et linguistique.<\/p>\n<p>Quatre-vingt films ont \u00e9t\u00e9 projet\u00e9s r\u00e9partis en cent-quinze s\u00e9ances. Le palmar\u00e8s a \u00e9t\u00e9 le suivant : Silent Friend d\u2019Ildik\u00f3 Enyedi pour le Grand Prix international Cin\u00e9 + OCS, Deux femmes en or de Chlo\u00e9 Robichaud (qui sortira dans les salles fran\u00e7aises sous le titre Deux Femmes et quelques hommes au printemps 2026) d\u2019une part et Eleonora Druze de Pietro Marcello d\u2019autre part pour le Prix sp\u00e9cial du jury international, Bouchra d\u2019Orian Barki et Meriem Bennan pour le prix Nouvelles vagues, The New West de Kate Beecroft pour le prix Trajectoires BNP Paribas, Khartoum de Anas Saeed, Rawia Alhag, Ibrahim Snoopy, Timeea Mohamed Ahmed, Phil Cox pour une mention sp\u00e9ciale du jury Trajectoires BNP Paribas, Rabbit trap de Bryn Chainey pour le prix Vari\u00e9t\u00e9 mad movies, La Voix de Hinj Rajab de Kaouther Ben Hania pour le prix du public, Une Ann\u00e9e italienne de Laura Samani pour le Coup de c\u0153ur de l\u2019IUT, Arco de Ugo Bienvenu pour le Coup de c\u0153ur des coll\u00e9giens, J\u2019ai trouv\u00e9 une bo\u00eete d\u2019\u00c9ric Montchaud et Jour de vent de Martin Chailloux, Ai Kim Crespin,\u00c9lise Golfouse, Chlo\u00e9 Lab, Hugo Taillez et Camille Truding pour le Coup de c\u0153ur des classes-jury de l\u2019enseignement \u00e9l\u00e9mentaire.<\/p>\n<p>Les amateurs de film ayant une dimension historique ou documentaire trouvent toujours des p\u00e9pites (souvent en avant-premi\u00e8re de la sortie nationale) dans les projections de ce festival. Pour cette ann\u00e9e 2025, il est certain que leur attention a \u00e9t\u00e9 retenue par plusieurs longs-m\u00e9trages.<\/p>\n<p><a href=\"http:\/\/www.gregoiredetours.fr\/blog\/wp-content\/uploads\/2026\/03\/hamnet.jpg\"><img loading=\"lazy\" class=\"size-medium wp-image-321 alignleft\" src=\"http:\/\/www.gregoiredetours.fr\/blog\/wp-content\/uploads\/2026\/03\/hamnet-225x300.jpg\" alt=\"\" width=\"225\" height=\"300\" srcset=\"https:\/\/www.gregoiredetours.fr\/blog\/wp-content\/uploads\/2026\/03\/hamnet-225x300.jpg 225w, https:\/\/www.gregoiredetours.fr\/blog\/wp-content\/uploads\/2026\/03\/hamnet.jpg 720w\" sizes=\"(max-width: 225px) 100vw, 225px\" \/><\/a><\/p>\n<p>Hamnet de Chlo\u00e9 Zhao a \u00e9t\u00e9 le troisi\u00e8me film du festival \u00e0 \u00eatre appr\u00e9ci\u00e9 par les spectateurs. Il a par ailleurs re\u00e7u le Golden Globe du meilleur film dramatique. C\u2019est une adaptation du roman \u00e9ponyme de Maggie O&rsquo;Farrell. On pr\u00e9sente l\u00e0 de fa\u00e7on romanc\u00e9 le deuil du fils du couple Shakespeare et de ses cons\u00e9quences en particulier sur l\u2019\u0153uvre du grand homme anglais de th\u00e9\u00e2tre. Cette \u0153uvre cin\u00e9matographique \u00e9claire le contenu de la pi\u00e8ce Hamlet de Shakespeare et en particulier la fameuse sentence \u00ab\u00a0\u00catre ou ne pas \u00eatre\u2026 Telle est la question\u00a0\u00bb.<\/p>\n<p>Cette ann\u00e9e deux films avaient rapport avec la situation \u00e0 Gaza. Le premier \u00e9tait donc La Voix de Hinj Rajab de Kaouther Ben Hania.<\/p>\n<p><a href=\"http:\/\/www.gregoiredetours.fr\/blog\/wp-content\/uploads\/2026\/03\/La-Voix-de-Hinj-Rajab.jpg\"><img loading=\"lazy\" class=\"size-medium wp-image-319 alignleft\" src=\"http:\/\/www.gregoiredetours.fr\/blog\/wp-content\/uploads\/2026\/03\/La-Voix-de-Hinj-Rajab-210x300.jpg\" alt=\"\" width=\"210\" height=\"300\" srcset=\"https:\/\/www.gregoiredetours.fr\/blog\/wp-content\/uploads\/2026\/03\/La-Voix-de-Hinj-Rajab-210x300.jpg 210w, https:\/\/www.gregoiredetours.fr\/blog\/wp-content\/uploads\/2026\/03\/La-Voix-de-Hinj-Rajab-717x1024.jpg 717w, https:\/\/www.gregoiredetours.fr\/blog\/wp-content\/uploads\/2026\/03\/La-Voix-de-Hinj-Rajab-768x1097.jpg 768w, https:\/\/www.gregoiredetours.fr\/blog\/wp-content\/uploads\/2026\/03\/La-Voix-de-Hinj-Rajab.jpg 800w\" sizes=\"(max-width: 210px) 100vw, 210px\" \/><\/a><\/p>\n<p>Il s\u2019agit l\u00e0 d\u2019un docu-fiction mettant en exergue la pr\u00e9sence d\u00e9but 2024 pendant des heures d\u2019une enfant Hind Rajab coinc\u00e9e dans une voiture au milieu de corps de gens de sa famille. L\u2019autorisation est enfin obtenue de l\u2019arm\u00e9e isra\u00e9lienne d\u2019envoyer une ambulance chercher cette fillette mais ce v\u00e9hicule sera une cible de cette m\u00eame arm\u00e9e et les secouristes p\u00e9riront tout comme la fillette. Le sc\u00e9nario s\u2019appuie largement sur les enregistrements t\u00e9l\u00e9phoniques originaux entre Hind Rajab, la famille \u00e9loign\u00e9e de cette derni\u00e8re et les employ\u00e9s de l&rsquo;organisation humanitaire palestinienne. L\u2019action se d\u00e9roule donc uniquement dans le centre d\u2019appel du Croissant rouge de Ramallah. Le c\u00f4t\u00e9 dramatique de cette \u0153uvre est d\u2019une rare intensit\u00e9 ; elle est port\u00e9e notamment par l\u2019intensit\u00e9 de l\u2019investissement de la personne en dialogue avec la fillette.<\/p>\n<p>Le second film \u00e0 pr\u00e9senter Gaza est Yalla parkour, il s\u2019agit toutefois du Gaza d\u2019avant octobre 2023. La r\u00e9alisatrice Areeb Zuaiter conte l\u00e0 les exploits d\u2019Ahmad, un athl\u00e8te de parkour, une m\u00e9thode d&rsquo;entra\u00eenement pour franchir toutes sortes d&rsquo;obstacles ici dans des environnements exclusivement urbains. Avec un groupe de jeunes de son \u00e2ge, le h\u00e9ros non seulement escalade des b\u00e2timents \u00e0 main nue mais aussi r\u00e9alise divers mouvements tr\u00e8s dangereux au sommet des immeubles. Le r\u00eave d\u2019Ahmad de pouvoir, gr\u00e2ce \u00e0 sa ma\u00eetrise de sport, d\u2019\u00e9migrer l\u00e9galement dans un pays europ\u00e9en, se r\u00e9alisera. On ressent l\u2019impression qu\u2019il vit dans une prison \u00e0 ciel ouvert. Areeb Zuaiter n\u2019avait que deux mois lorsqu\u2019elle a quitt\u00e9 la Palestine aussi elle d\u00e9couvre un univers auquel elle est spontan\u00e9ment attach\u00e9. Dans Gaza, les ruines sont d\u00e9j\u00e0 nombreuses du fait des actions ponctuelles mais r\u00e9p\u00e9t\u00e9es de l\u2019arm\u00e9e isra\u00e9lienne lors d\u2019ann\u00e9es pr\u00e9c\u00e9dentes.<\/p>\n<p><a href=\"http:\/\/www.gregoiredetours.fr\/blog\/wp-content\/uploads\/2026\/03\/khartoum.jpg\"><img loading=\"lazy\" class=\"size-medium wp-image-320 alignleft\" src=\"http:\/\/www.gregoiredetours.fr\/blog\/wp-content\/uploads\/2026\/03\/khartoum-300x170.jpg\" alt=\"\" width=\"300\" height=\"170\" srcset=\"https:\/\/www.gregoiredetours.fr\/blog\/wp-content\/uploads\/2026\/03\/khartoum-300x170.jpg 300w, https:\/\/www.gregoiredetours.fr\/blog\/wp-content\/uploads\/2026\/03\/khartoum.jpg 748w\" sizes=\"(max-width: 300px) 100vw, 300px\" \/><\/a>Khartoum est un film documentaire autour du pass\u00e9 r\u00e9cent du Soudan. Gr\u00e2ce \u00e0 des images d\u2019archives et les souvenirs th\u00e9\u00e2tralis\u00e9s de cinq personnages (dont deux enfants) qui habitaient la capitale du pays, on est plong\u00e9 dans la R\u00e9volution de 2019, sa r\u00e9pression et la guerre civile entre deux factions militaris\u00e9es. L\u2019une est dirig\u00e9e par Abdel Fattah al-Burhan et l\u2019autre par Mohamed Hamdan Dogolo. Ce dernier est \u00e0 la t\u00eate des Forces de soutien rapide (FSR), des troupes arabisantes (mais non islamistes) largement discriminantes vis-\u00e0-vis de la population noire.<\/p>\n<p>&nbsp;<\/p>\n<p><a href=\"http:\/\/www.gregoiredetours.fr\/blog\/wp-content\/uploads\/2026\/03\/le-pays-darto.jpg\"><img loading=\"lazy\" class=\"size-medium wp-image-318 alignleft\" src=\"http:\/\/www.gregoiredetours.fr\/blog\/wp-content\/uploads\/2026\/03\/le-pays-darto-221x300.jpg\" alt=\"\" width=\"221\" height=\"300\" srcset=\"https:\/\/www.gregoiredetours.fr\/blog\/wp-content\/uploads\/2026\/03\/le-pays-darto-221x300.jpg 221w, https:\/\/www.gregoiredetours.fr\/blog\/wp-content\/uploads\/2026\/03\/le-pays-darto.jpg 310w\" sizes=\"(max-width: 221px) 100vw, 221px\" \/><\/a>Le pays d\u2019Arto fait d\u00e9couvrir le conflit du Haut-Karabagh au moment o\u00f9 il est partiellement occup\u00e9 par l\u2019Azerba\u00efdjan, donc entre 2020 et 2023. En effet fin septembre de cette derni\u00e8re ann\u00e9e, ce pays s\u2019empare de la totalit\u00e9 de cette r\u00e9gion peupl\u00e9e majoritairement d\u2019Arm\u00e9niens chr\u00e9tiens mais devenue partie prenante de l\u2019Azerba\u00efdjan (peupl\u00e9e tr\u00e8s largement de musulmans), par la<br \/>\nvolont\u00e9 de Staline. Une Fran\u00e7aise, \u00e9pouse d\u2019un Arm\u00e9nien r\u00e9cemment d\u00e9c\u00e9d\u00e9 et vivant en France, part en Arm\u00e9nie \u00e0 la recherche de l\u2019acte de naissance de son d\u00e9funt mari dont elle a besoin. Au bout de plusieurs pistes l\u2019amenant vers des impasses (mais permettant au spectateur de d\u00e9couvrir certains aspects du pays), elle r\u00e9alise que son \u00e9poux est venu dans l\u2019hexagone avec une fausse identit\u00e9. Les raisons pour lesquelles il a chang\u00e9 son identit\u00e9 sont li\u00e9es \u00e0 un\u00a0 \u00e9v\u00e8nement dramatique s\u2019\u00e9tant d\u00e9roul\u00e9 durant la Guerre de 1992-1994, dans un lieu du Haut-Karabagh. Elle entend visiter cet endroit pr\u00e9cis et cela l\u2019am\u00e8ne \u00e0 rencontrer des Arm\u00e9niens vivants dans la partie encore non occup\u00e9e par les Azerba\u00efdjanais.<\/p>\n<p><a href=\"http:\/\/www.gregoiredetours.fr\/blog\/wp-content\/uploads\/2026\/03\/eleonara-duse.jpg\"><img loading=\"lazy\" class=\"size-medium wp-image-322 alignleft\" src=\"http:\/\/www.gregoiredetours.fr\/blog\/wp-content\/uploads\/2026\/03\/eleonara-duse-300x150.jpg\" alt=\"\" width=\"300\" height=\"150\" srcset=\"https:\/\/www.gregoiredetours.fr\/blog\/wp-content\/uploads\/2026\/03\/eleonara-duse-300x150.jpg 300w, https:\/\/www.gregoiredetours.fr\/blog\/wp-content\/uploads\/2026\/03\/eleonara-duse-1024x512.jpg 1024w, https:\/\/www.gregoiredetours.fr\/blog\/wp-content\/uploads\/2026\/03\/eleonara-duse-768x384.jpg 768w, https:\/\/www.gregoiredetours.fr\/blog\/wp-content\/uploads\/2026\/03\/eleonara-duse.jpg 1050w\" sizes=\"(max-width: 300px) 100vw, 300px\" \/><\/a>Eleonora Duse rend hommage \u00e0 une grande com\u00e9dienne, rivale de Sarah Bernhardt, qui refusa dans une certaine mesure d\u2019\u00eatre instrumentalis\u00e9e, lors de ses derni\u00e8res ann\u00e9es, par le r\u00e9gime fasciste. Elle a entretenu des relations suivies avec l\u2019\u00e9crivain Gabriele D&rsquo;Annunzio. L\u2019action se noue au sortir de la Premi\u00e8re Guerre mondiale et on la voit dans la derni\u00e8re partie de sa vie o\u00f9 elle est largement handicap\u00e9e, par sa maladie pulmonaire, pour mener ses projets. Son r\u00f4le est interpr\u00e9t\u00e9e par Valeria Bruni Tedeschi.<\/p>\n<p>Magellan a \u00e9t\u00e9 projet\u00e9 en avant-premi\u00e8re puisque sa sortie en France ne s\u2019est faite qu\u2019en janvier 2026. Le r\u00e9alisateur philippin Lav Diaz retrace l\u00e0, sur pr\u00e8s de trois heures, une partie de la vie de ce Portugais, pass\u00e9 au service l\u2019Espagne, dont une parie des bateaux de son exp\u00e9dition fit le tour du monde. Il laissera son nom \u00e0 un d\u00e9troit permettant de passer (au sud du contient am\u00e9ricain) de l\u2019Oc\u00e9an atlantique \u00e0 l\u2019Oc\u00e9an pacifique. Le r\u00e9cit se centre sur deux points, le premier est les difficult\u00e9s pour Magellan \u00e0 monter une exp\u00e9dition ayant les objectifs que l\u2019on conna\u00eet et le second les \u00e9v\u00e8nements li\u00e9s au contact que ses marins ont avec les populations des \u00eeles du Pacifique. Les conditions de vie sur les bateaux sont expos\u00e9es pour l\u2019essentiel. Ceci se fait principalement \u00e0 travers des p\u00e9rip\u00e9ties qui montrent \u00e0 la fois l\u2019autoritarisme de Magellan et le manque de confiance de beaucoup de ses marins en lui, plus la jalousie de plusieurs de ses officiers.<\/p>\n<p>Alors que certains historiens pensent que Magellan termine sa vie en commandant une exp\u00e9dition suicide de repr\u00e9sailles, ici le sc\u00e9nario prend une position r\u00e9visionniste sur le r\u00f4le de son esclave malais. En effet il lui est attribu\u00e9 ici un r\u00f4le tr\u00e8s actif dans le massacre de marins espagnols. Par ailleurs Lapu-Lapu est le roi de l\u2019\u00eele de Mactan dans les ouvrages historiques alors que Lav Diaz le pr\u00e9sente comme un personnage mythique n\u2019ayant pas v\u00e9cu \u00e0 l\u2019\u00e9poque de Magellan. Les historiens et le sc\u00e9nariste se rejoignent sur l\u2019importance que prit la volont\u00e9 de christianiser les populations rencontr\u00e9es et la conduite irrespectueuse des marins vis-\u00e0-vis des croyances locales et des indig\u00e8nes (en particulier des femmes). Le tournage a lieu dans l\u2019\u00eele de Quezon aux Philippines, au cours du dernier trimestre 2024, et en Europe dans le sud du Portugal ainsi qu\u2019\u00e0 Cadix.<\/p>\n<p>Beatrice, the Wife devrait \u00eatre un prochain film de Lav Diaz et devrait raconter en parall\u00e8le les histoires de Beatriz Barbosa, la femme de Magellan, et celle de l\u2019\u00e9pouse du chef de tribu qui a fait tuer Magellan.<\/p>\n<p>D\u2019autres films ne manquaient pas d\u2019int\u00e9r\u00eat pour le type de spectateur que nous avons d\u00e9fini. On trouvait l\u00e0 Shifting Baselines, un documentaire volontairement en noir et blanc (peut-\u00eatre pour souligner l\u2019inanit\u00e9 de la flotte des engins spatiaux dans un univers hors du temps) du r\u00e9alisateur qu\u00e9b\u00e9cois Julien Elie. L\u2019action se d\u00e9roule \u00e0 Bocca Chica, un hameau proche du Rio Grande et donc de la fronti\u00e8re mexicaine. Ce territoire est celui o\u00f9 s\u2019est impos\u00e9 le projet Space X d\u2019Elon Musk dont la personnalit\u00e9 n\u2019est pas abord\u00e9e. La parole est donn\u00e9e aux scientifiques, aux nombreux admirateurs du projet et aux habitants locaux. Ce projet de colonisation de Mars se traduit essentiellement par une pollution environnementale.<\/p>\n<p>Est un autre documentaire Pompei, sotto le nuole. On est l\u00e0 dans une promenade urbaine rendant hommage au pass\u00e9 et au pr\u00e9sent de Naples et Pomp\u00e9i. Ghoste Elephants permet de retrouver Werner Herzog dans son r\u00f4le de cin\u00e9aste-explorateur. Pratiquement jusqu\u2019au bout du sc\u00e9nario, on se demande s\u2019il est parti \u00e0 la recherche d\u2019animaux mythiques et s\u2019il fera chou- blanc. Le r\u00e9cit s\u2019ouvre sur le mus\u00e9e Smithsonian de New York o\u00f9 est conserv\u00e9 le squelette de l\u2019\u00e9l\u00e9phant F\u00e9nyk\u00f6vi du nom du braconnier qui a \u00e9t\u00e9 abattu en Angola en 1955. Ce dernier est \u00e9norme mais apr\u00e8s tout il peut s\u2019agir d\u2019un sp\u00e9cimen de ces grands mammif\u00e8res terrestres qui souffrait d\u2019un gigantisme. La cam\u00e9ra de Werner Herzog nous am\u00e8ne \u00e0 travers un p\u00e9riple en Namibie puis en Angola. On rencontre en particulier un chef d\u2019une tribu africaine qui confirme l\u2019existence de cette race d\u2019\u00e9l\u00e9phant par le r\u00e9cit d\u2019une l\u00e9gende. On parcourt des terres magnifiques, certaines n\u2019ont quasiment jamais \u00e9t\u00e9 foul\u00e9es par les Africains m\u00eame. Ceci nous am\u00e8ne \u00e0 en apprendre plus sur certains animaux dont les crocodiles qui attaquent plut\u00f4t \u00e0 certains moments de la journ\u00e9e et de la nuit.<\/p>\n<p><a href=\"http:\/\/www.gregoiredetours.fr\/blog\/wp-content\/uploads\/2026\/03\/parmi-les-montagnes.jpg\"><img loading=\"lazy\" class=\"size-medium wp-image-317 alignleft\" src=\"http:\/\/www.gregoiredetours.fr\/blog\/wp-content\/uploads\/2026\/03\/parmi-les-montagnes-300x180.jpg\" alt=\"\" width=\"300\" height=\"180\" srcset=\"https:\/\/www.gregoiredetours.fr\/blog\/wp-content\/uploads\/2026\/03\/parmi-les-montagnes-300x180.jpg 300w, https:\/\/www.gregoiredetours.fr\/blog\/wp-content\/uploads\/2026\/03\/parmi-les-montagnes.jpg 600w\" sizes=\"(max-width: 300px) 100vw, 300px\" \/><\/a>Parmi les montagnes et les ruisseaux nous transporte dans une for\u00eat automnale du Canada et de ce fait les couleurs retiennent spontan\u00e9ment notre attention. Le peintre Meng Huang et l\u2019\u00e9crivain Ma Jian vivent en exil depuis plus ou moins d\u2019ann\u00e9es. Ils parlent d\u2019\u00e9v\u00e8nements politiques qui ont secou\u00e9 la Chine et de cr\u00e9ation artistique comme piste face \u00e0 l\u2019oppression et au mensonge.<\/p>\n<p><a href=\"http:\/\/www.gregoiredetours.fr\/blog\/wp-content\/uploads\/2026\/03\/les-saisons.jpg\"><img loading=\"lazy\" class=\"size-full wp-image-316 alignleft\" src=\"http:\/\/www.gregoiredetours.fr\/blog\/wp-content\/uploads\/2026\/03\/les-saisons.jpg\" alt=\"\" width=\"210\" height=\"300\" \/><\/a><br \/>\nLe film Les Saisons de Maureen Fazendeiro, projet\u00e9 en premi\u00e8re fran\u00e7aise, est un documentaire fran\u00e7ais \u00e9voquant la r\u00e9gion rurale de l\u2019Alentejo au Portugal. C\u2019est tout un univers culturel que l\u2019on approche depuis certaines l\u00e9gendes renvoyant parfois \u00e0 une histoire lointaine jusqu\u2019\u00e0 la r\u00e9volution des \u0153illets d\u2019avril 1974 o\u00f9 les terres des grands propri\u00e9taires sont momentan\u00e9ment occup\u00e9es. Certains passages s\u2019appuient sur les \u00e9crits d\u2019un couple d\u2019arch\u00e9ologues allemands pr\u00e9sent \u00e0 la fin des ann\u00e9es 1930 et retenus au Portugal pendant la Seconde Guerre mondiale. Sont pr\u00e9sentes des images d\u2019archives en assez bonne quantit\u00e9 et on \u00e9coute parfois des chansons.<\/p>\n<p>L\u2019Anglaise et le duc (sorti en 2001 et restaur\u00e9, pr\u00e9sent\u00e9 comme un film patrimonial) revisite l\u2019\u00e9poque r\u00e9volutionnaire sous l\u2019angle d\u2019une farouche opposante aux \u00e9v\u00e8nements qui se d\u00e9roulent et donne une image nuanc\u00e9e mais globalement assez n\u00e9gative de Louis-Philippe duc d\u2019Orl\u00e9ans mort guillotin\u00e9 apr\u00e8s avoir cependant vot\u00e9 la mort de Louis XVI.<\/p>\n<p>En mati\u00e8re de dystopie, on a pu voir Les Voyages de Tereza, un film br\u00e9silien r\u00e9alis\u00e9 par Gabriel Mascaro. Le gouvernement de ces temps futurs d\u00e9porte toutes les personnes \u00e2g\u00e9es vers des colonies lointaines en Amazonie. D\u00e9sirant r\u00e9aliser un dernier souhait, secr\u00e8tement elle embarque successivement sur deux bateaux comme passag\u00e8re clandestine. Elle vit des moments inou\u00efs et fait de nombreuses rencontres en cours de route. La question du poids de la population \u00e2g\u00e9e dans les soci\u00e9t\u00e9s actuelles est sensible et est dramatis\u00e9e \u00e0 travers ici la mise au pas forc\u00e9e de celle-ci.<\/p>\n<p>Alain CHIRON<\/p>\n","protected":false},"excerpt":{"rendered":"<p>Ce festival s\u2019est d\u00e9roul\u00e9 du 13 au 19 octobre 2025. La prochaine \u00e9dition du Festival aura lieu du 12 au 18 octobre 2026. Chaque ann\u00e9e, il draine plus de30 000 entr\u00e9es. Il n\u2019a pu se d\u00e9rouler cette ann\u00e9e que gr\u00e2ce \u00e0 une subvention exceptionnelle du Centre national du cin\u00e9ma et de l\u2019image anim\u00e9e. En effet &hellip; <a href=\"https:\/\/www.gregoiredetours.fr\/blog\/2026\/03\/12\/tribune-libre-16e-festival-international-du-film-de-la-roche-sur-yon-en-vendee\/\" class=\"more-link\">Continuer la lecture de <span class=\"screen-reader-text\">[Tribune libre] 16e festival international du film de La Roche-sur-Yon en Vend\u00e9e<\/span><\/a><\/p>\n","protected":false},"author":1,"featured_media":0,"comment_status":"open","ping_status":"open","sticky":false,"template":"","format":"standard","meta":[],"categories":[1],"tags":[],"_links":{"self":[{"href":"https:\/\/www.gregoiredetours.fr\/blog\/wp-json\/wp\/v2\/posts\/315"}],"collection":[{"href":"https:\/\/www.gregoiredetours.fr\/blog\/wp-json\/wp\/v2\/posts"}],"about":[{"href":"https:\/\/www.gregoiredetours.fr\/blog\/wp-json\/wp\/v2\/types\/post"}],"author":[{"embeddable":true,"href":"https:\/\/www.gregoiredetours.fr\/blog\/wp-json\/wp\/v2\/users\/1"}],"replies":[{"embeddable":true,"href":"https:\/\/www.gregoiredetours.fr\/blog\/wp-json\/wp\/v2\/comments?post=315"}],"version-history":[{"count":3,"href":"https:\/\/www.gregoiredetours.fr\/blog\/wp-json\/wp\/v2\/posts\/315\/revisions"}],"predecessor-version":[{"id":326,"href":"https:\/\/www.gregoiredetours.fr\/blog\/wp-json\/wp\/v2\/posts\/315\/revisions\/326"}],"wp:attachment":[{"href":"https:\/\/www.gregoiredetours.fr\/blog\/wp-json\/wp\/v2\/media?parent=315"}],"wp:term":[{"taxonomy":"category","embeddable":true,"href":"https:\/\/www.gregoiredetours.fr\/blog\/wp-json\/wp\/v2\/categories?post=315"},{"taxonomy":"post_tag","embeddable":true,"href":"https:\/\/www.gregoiredetours.fr\/blog\/wp-json\/wp\/v2\/tags?post=315"}],"curies":[{"name":"wp","href":"https:\/\/api.w.org\/{rel}","templated":true}]}}