{"id":249,"date":"2018-11-06T17:10:40","date_gmt":"2018-11-06T16:10:40","guid":{"rendered":"https:\/\/www.gregoiredetours.fr\/blog\/?p=249"},"modified":"2018-11-06T17:11:24","modified_gmt":"2018-11-06T16:11:24","slug":"festival-international-du-film-de-la-roche-sur-yon-bilan-2018","status":"publish","type":"post","link":"https:\/\/www.gregoiredetours.fr\/blog\/2018\/11\/06\/festival-international-du-film-de-la-roche-sur-yon-bilan-2018\/","title":{"rendered":"[tribune libre] Festival international du film de La Roche-sur-Yon bilan 2018"},"content":{"rendered":"<p><em><strong>par Alain Chiron<\/strong><\/em><\/p>\n<p><strong>\u00a0<\/strong>Cette ann\u00e9e, contrairement \u00e0 l\u2019ann\u00e9e derni\u00e8re, peu de films venant d\u2019une culture non occidentale ont \u00e9t\u00e9 projet\u00e9s\u00a0; ceci ne voulant pas dire que des questions, touchant d\u2019autres continents que l\u2019Europe ou que l\u2019Am\u00e9rique du nord, n\u2019\u00e9taient pas pr\u00e9sentes.<\/p>\n<p>Fut salu\u00e9 par le Prix sp\u00e9cial du jury ex aequo avec <em>La Favorite<\/em>, le film<em> Profile<\/em> (du russo-kazakh Timur Bekmambetov, sortie en 2018) qui a la particularit\u00e9 de ne pr\u00e9senter que des images tir\u00e9es d\u2019ordinateur et de t\u00e9l\u00e9phones portables. Il s\u2019agit de l\u2019adaptation d\u2019un roman bas\u00e9 sur une histoire vraie\u00a0: un journaliste britannique se cr\u00e9e un faux profil sur Facebook et, se disant nouvelle convertie \u00e0 l\u2019islam, elle peut ainsi enqu\u00eater sur les r\u00e9seaux qui accrochent les jeunes filles pour les amener \u00e0 rejoindre les combattants de l\u2019\u00c9tat islamique. La sc\u00e8ne comique, pour nous, est celle o\u00f9 elle se marie religieusement par skype. C\u2019est une petite d\u00e9tente dans un r\u00e9cit o\u00f9 p\u00e8se une constante appr\u00e9hension des \u00e9v\u00e8nements \u00e0 venir\u00a0; d\u2019ailleurs la fin oblige l\u2019int\u00e9ress\u00e9e \u00e0 changer d\u2019identit\u00e9, vu la fatwa qui la frappe.<\/p>\n<figure id=\"attachment_259\" aria-describedby=\"caption-attachment-259\" style=\"width: 300px\" class=\"wp-caption aligncenter\"><a href=\"http:\/\/www.gregoiredetours.fr\/blog\/wp-content\/uploads\/2018\/11\/profile.jpg\"><img loading=\"lazy\" class=\"wp-image-259 size-medium\" src=\"http:\/\/www.gregoiredetours.fr\/blog\/wp-content\/uploads\/2018\/11\/profile-300x118.jpg\" alt=\"\" width=\"300\" height=\"118\" srcset=\"https:\/\/www.gregoiredetours.fr\/blog\/wp-content\/uploads\/2018\/11\/profile-300x118.jpg 300w, https:\/\/www.gregoiredetours.fr\/blog\/wp-content\/uploads\/2018\/11\/profile-768x303.jpg 768w, https:\/\/www.gregoiredetours.fr\/blog\/wp-content\/uploads\/2018\/11\/profile-1024x404.jpg 1024w, https:\/\/www.gregoiredetours.fr\/blog\/wp-content\/uploads\/2018\/11\/profile.jpg 1280w\" sizes=\"(max-width: 300px) 100vw, 300px\" \/><\/a><figcaption id=\"caption-attachment-259\" class=\"wp-caption-text\">Profile<\/figcaption><\/figure>\n<p>D\u2019autres \u0153uvres pr\u00e9sent\u00e9es, dans ce festival, ont \u00e9voqu\u00e9 la question des soldats de Daesh. On rel\u00e8ve <em>Tracing Addai<\/em> (2018) un film d\u2019animation allemand d\u2019Esther Niemeier. Il dure 30 mn. Gr\u00e2ce au t\u00e9moignage de la m\u00e8re allemande et d\u2019un repenti islamique (ayant pass\u00e9 sa jeunesse en Allemagne dans une famille musulmane), est retrac\u00e9 l\u2019itin\u00e9raire d\u2019un jeune mul\u00e2tre vers et en Syrie.<\/p>\n<figure id=\"attachment_260\" aria-describedby=\"caption-attachment-260\" style=\"width: 300px\" class=\"wp-caption aligncenter\"><a href=\"http:\/\/www.gregoiredetours.fr\/blog\/wp-content\/uploads\/2018\/11\/TRACING-ADDAI.jpg\"><img loading=\"lazy\" class=\"wp-image-260 size-medium\" src=\"http:\/\/www.gregoiredetours.fr\/blog\/wp-content\/uploads\/2018\/11\/TRACING-ADDAI-300x169.jpg\" alt=\"\" width=\"300\" height=\"169\" srcset=\"https:\/\/www.gregoiredetours.fr\/blog\/wp-content\/uploads\/2018\/11\/TRACING-ADDAI-300x169.jpg 300w, https:\/\/www.gregoiredetours.fr\/blog\/wp-content\/uploads\/2018\/11\/TRACING-ADDAI-768x432.jpg 768w, https:\/\/www.gregoiredetours.fr\/blog\/wp-content\/uploads\/2018\/11\/TRACING-ADDAI-1024x576.jpg 1024w, https:\/\/www.gregoiredetours.fr\/blog\/wp-content\/uploads\/2018\/11\/TRACING-ADDAI.jpg 1777w\" sizes=\"(max-width: 300px) 100vw, 300px\" \/><\/a><figcaption id=\"caption-attachment-260\" class=\"wp-caption-text\">TRACING ADDAI<\/figcaption><\/figure>\n<p>Last but not least, le film <em>Of Fathers and sons<\/em> (2017) de Talal Derki tient du documentaire d\u2019exception puisque le cin\u00e9aste\u00a0 syrien retourne dans sa r\u00e9gion d\u2019origine, tomb\u00e9e aux mains des islamistes radicaux, et filme le quotidien d\u2019un p\u00e8re et de ses fils (la m\u00e8re n\u2019appara\u00eet pas \u00e0 l\u2019image). Ces derniers ont pleinement\u00a0 int\u00e9gr\u00e9 l\u2019id\u00e9ologie de Daesh et en particulier un a\u00een\u00e9 Osama qui pr\u00e9cocement est invit\u00e9 \u00e0 suivre le chemin du Jihad, en subissant un entra\u00eenement de combattant. Cette production s\u2019est vu d\u00e9cerner en 2018 le Prix du meilleur documentaire au festival du cin\u00e9ma ind\u00e9pendant de\u00a0 Sundance dans l\u2019Utah.<\/p>\n<p><a href=\"http:\/\/www.gregoiredetours.fr\/blog\/wp-content\/uploads\/2018\/11\/OF-FATHERS.jpg\"><img loading=\"lazy\" class=\"size-medium wp-image-257 aligncenter\" src=\"http:\/\/www.gregoiredetours.fr\/blog\/wp-content\/uploads\/2018\/11\/OF-FATHERS.jpg\" alt=\"\" width=\"182\" height=\"268\" \/><\/a><\/p>\n<p>C\u2019est le film <em>What you gona do when the the world\u2019s in fire<\/em> qui a re\u00e7u le Grand Prix du jury international Cin\u00e9 +. On suit, durant plusieurs jours, un groupe de militants du Black Power \u00e0 Baton Rouge en Louisiane\u00a0; le r\u00e9cit rappelle entre autre que les crimes ouvertement racistes perp\u00e9tr\u00e9s par des membres ou des sympathisants du Ku Klux Klan continuent \u00e0 \u00eatre commis. Toutefois le sujet est plus global\u00a0et on voit aussi les cons\u00e9quences d\u2019un processus de gentrification qui touche un quartier autrefois uniquement peupl\u00e9 de noirs et l\u2019usage de drogues au pr\u00e9sent ou au pass\u00e9 chez deux personnages qui ont en commun d\u2019avoir subi des violences au sein de leur famille durant leur enfance. Cette \u0153uvre documentaire, d\u2019une dur\u00e9e d\u2019\u00e0 peine plus de deux heures, sort le 6 d\u00e9cembre 2018 en France\u00a0; le r\u00e9alisateur est Roberto Minervi.<\/p>\n<figure id=\"attachment_261\" aria-describedby=\"caption-attachment-261\" style=\"width: 300px\" class=\"wp-caption aligncenter\"><a href=\"http:\/\/www.gregoiredetours.fr\/blog\/wp-content\/uploads\/2018\/11\/What-you-gona-do-when-the-the-world\u2019s-in-fire.jpg\"><img loading=\"lazy\" class=\"wp-image-261 size-medium\" src=\"http:\/\/www.gregoiredetours.fr\/blog\/wp-content\/uploads\/2018\/11\/What-you-gona-do-when-the-the-world\u2019s-in-fire-300x200.jpg\" alt=\"\" width=\"300\" height=\"200\" srcset=\"https:\/\/www.gregoiredetours.fr\/blog\/wp-content\/uploads\/2018\/11\/What-you-gona-do-when-the-the-world\u2019s-in-fire-300x200.jpg 300w, https:\/\/www.gregoiredetours.fr\/blog\/wp-content\/uploads\/2018\/11\/What-you-gona-do-when-the-the-world\u2019s-in-fire-768x512.jpg 768w, https:\/\/www.gregoiredetours.fr\/blog\/wp-content\/uploads\/2018\/11\/What-you-gona-do-when-the-the-world\u2019s-in-fire.jpg 970w\" sizes=\"(max-width: 300px) 100vw, 300px\" \/><\/a><figcaption id=\"caption-attachment-261\" class=\"wp-caption-text\">What you gona do when the the world\u2019s in fire<\/figcaption><\/figure>\n<p>Un autre film am\u00e9ricain, non prim\u00e9, mais ayant suscit\u00e9 un certain enthousiasme est <em>First Reformed<\/em> (2017) de Paul Schrader, une fable \u00e9cologique, sur le mode thriller, distribu\u00e9e en France sous le titre de <em>Sur le chemin de la r\u00e9demption<\/em>. Le film tire son titre de \u00ab\u00a0The First Reformed Church\u00a0\u00bb qui d\u00e9signe le premier temple protestant calviniste construit \u00e0 New York au milieu du XVII<sup>e <\/sup>si\u00e8cle par les Hollandais.<\/p>\n<figure id=\"attachment_255\" aria-describedby=\"caption-attachment-255\" style=\"width: 300px\" class=\"wp-caption aligncenter\"><a href=\"http:\/\/www.gregoiredetours.fr\/blog\/wp-content\/uploads\/2018\/11\/first-reformed.jpg\"><img loading=\"lazy\" class=\"wp-image-255 size-medium\" src=\"http:\/\/www.gregoiredetours.fr\/blog\/wp-content\/uploads\/2018\/11\/first-reformed-300x169.jpg\" alt=\"\" width=\"300\" height=\"169\" srcset=\"https:\/\/www.gregoiredetours.fr\/blog\/wp-content\/uploads\/2018\/11\/first-reformed-300x169.jpg 300w, https:\/\/www.gregoiredetours.fr\/blog\/wp-content\/uploads\/2018\/11\/first-reformed-768x432.jpg 768w, https:\/\/www.gregoiredetours.fr\/blog\/wp-content\/uploads\/2018\/11\/first-reformed-1024x576.jpg 1024w, https:\/\/www.gregoiredetours.fr\/blog\/wp-content\/uploads\/2018\/11\/first-reformed.jpg 1920w\" sizes=\"(max-width: 300px) 100vw, 300px\" \/><\/a><figcaption id=\"caption-attachment-255\" class=\"wp-caption-text\">First Reformed<\/figcaption><\/figure>\n<p>Le jury du Prix Nouvelles Vagues Acuitis a r\u00e9compens\u00e9 <em>D\u2019un ch\u00e2teau, l\u2019autre<\/em>, une fiction qui prend des allures de documentaire. Le th\u00e8me en est le r\u00f4le positif que peut avoir un jeune homme aupr\u00e8s d\u2019une personne \u00e2g\u00e9e et r\u00e9ciproquement\u00a0; cet \u00e9tudiant se cherche lui-m\u00eame et on le voit successivement assister, en vue des \u00e9lections pr\u00e9sidentielles, \u00e0 un meeting de Macron puis \u00e0 un de Marine Le Pen. La vieille dame l\u2019invite \u00e0 trouver plus de sens \u00e0 sa vie. Un roman autobiographique de C\u00e9line a le m\u00eame titre, il fait le parall\u00e8le entre la vie de m\u00e9decin en banlieue parisienne du personnage et celle v\u00e9cue \u00e0 Sigmaringen en compagnie de responsables du dernier gouvernement de Pierre Laval du milieu de l\u2019\u00e9t\u00e9 1944 au printemps 1945. Ce film, tourn\u00e9 en r\u00e9gion parisienne, a d\u00e9j\u00e0 \u00e9t\u00e9 par ailleurs couronn\u00e9 deux fois en 2018, l\u2019une \u00e0 Namur et l\u2019autre \u00e0 Locarno. Son r\u00e9alisateur est Emmanuel Marre\u00a0 et le principal acteur est Pierre Nisse.<\/p>\n<p><a href=\"http:\/\/www.gregoiredetours.fr\/blog\/wp-content\/uploads\/2018\/11\/dun-ch\u00e2teau-lautre.jpg\"><img loading=\"lazy\" class=\"size-medium wp-image-253 aligncenter\" src=\"http:\/\/www.gregoiredetours.fr\/blog\/wp-content\/uploads\/2018\/11\/dun-ch\u00e2teau-lautre-300x158.jpg\" alt=\"\" width=\"300\" height=\"158\" srcset=\"https:\/\/www.gregoiredetours.fr\/blog\/wp-content\/uploads\/2018\/11\/dun-ch\u00e2teau-lautre-300x158.jpg 300w, https:\/\/www.gregoiredetours.fr\/blog\/wp-content\/uploads\/2018\/11\/dun-ch\u00e2teau-lautre-768x404.jpg 768w, https:\/\/www.gregoiredetours.fr\/blog\/wp-content\/uploads\/2018\/11\/dun-ch\u00e2teau-lautre-1024x539.jpg 1024w, https:\/\/www.gregoiredetours.fr\/blog\/wp-content\/uploads\/2018\/11\/dun-ch\u00e2teau-lautre.jpg 1417w\" sizes=\"(max-width: 300px) 100vw, 300px\" \/><\/a><\/p>\n<p>Ce m\u00eame jury Nouvelles Vagues a retenu, pour une mention sp\u00e9ciale, deux autres films \u00e0 savoir tout d\u2019abord <em>Ne coupez pas<\/em> ou <em>One cut the head<\/em> (2017) une com\u00e9die japonaise de <strong>Shinichiro Ueda,<\/strong> prenant appui sur le th\u00e8me des zombies.<\/p>\n<p><a href=\"http:\/\/www.gregoiredetours.fr\/blog\/wp-content\/uploads\/2018\/11\/One-cut-the-head-ne-coupez-pas.jpg\"><img loading=\"lazy\" class=\"size-medium wp-image-258 aligncenter\" src=\"http:\/\/www.gregoiredetours.fr\/blog\/wp-content\/uploads\/2018\/11\/One-cut-the-head-ne-coupez-pas-225x300.jpg\" alt=\"\" width=\"225\" height=\"300\" srcset=\"https:\/\/www.gregoiredetours.fr\/blog\/wp-content\/uploads\/2018\/11\/One-cut-the-head-ne-coupez-pas-225x300.jpg 225w, https:\/\/www.gregoiredetours.fr\/blog\/wp-content\/uploads\/2018\/11\/One-cut-the-head-ne-coupez-pas.jpg 600w\" sizes=\"(max-width: 225px) 100vw, 225px\" \/><\/a><\/p>\n<p>Si ce dernier film fait 96 mn, l\u2019autre prim\u00e9 <em>Le discours glorieux de Nicolas Chauvin<\/em> atteint une dur\u00e9e de 26 mn.\u00a0 Son r\u00e9alisateur est Benjamin Crotty et l\u2019acteur principal est Alexis Manenti dans le r\u00f4le du soldat Chauvin, figure l\u00e9gendaire du grognard des campagnes napol\u00e9oniennes. Son nom a \u00e9t\u00e9 \u00e0 l\u2019origine du mot \u00ab\u00a0chauvinisme\u00a0\u00bb dont la phon\u00e9tique a \u00e9t\u00e9 reprise approximativement dans beaucoup de langues europ\u00e9ennes\u00a0 ou non (en chinois, cela donne sh\u0101w\u00e9n pour Chauvin). Revenu au XXI<sup>e<\/sup> si\u00e8cle mais tout droit de son \u00e9poque, donc en habit de fantassin de la Grande Arm\u00e9e, notre h\u00e9ros se lance dans un monologue \u00e0 la gloire de tout ce qui fait la France. L\u2019ambiance est largement d\u00e9jant\u00e9e pour une action dans une salle de spectacle, une bo\u00eete de nuit et devant des \u00e9l\u00e9ments du patrimoine rochefortais, la ville de naissance qui est pr\u00eat\u00e9e \u00e0 Nicolas Chauvin.<\/p>\n<figure id=\"attachment_256\" aria-describedby=\"caption-attachment-256\" style=\"width: 300px\" class=\"wp-caption aligncenter\"><a href=\"http:\/\/www.gregoiredetours.fr\/blog\/wp-content\/uploads\/2018\/11\/Le-discours-glorieux-de-Nicolas-Chauvin.jpg\"><img loading=\"lazy\" class=\"wp-image-256 size-medium\" src=\"http:\/\/www.gregoiredetours.fr\/blog\/wp-content\/uploads\/2018\/11\/Le-discours-glorieux-de-Nicolas-Chauvin-300x126.jpg\" alt=\"\" width=\"300\" height=\"126\" srcset=\"https:\/\/www.gregoiredetours.fr\/blog\/wp-content\/uploads\/2018\/11\/Le-discours-glorieux-de-Nicolas-Chauvin-300x126.jpg 300w, https:\/\/www.gregoiredetours.fr\/blog\/wp-content\/uploads\/2018\/11\/Le-discours-glorieux-de-Nicolas-Chauvin-768x322.jpg 768w, https:\/\/www.gregoiredetours.fr\/blog\/wp-content\/uploads\/2018\/11\/Le-discours-glorieux-de-Nicolas-Chauvin-1024x429.jpg 1024w, https:\/\/www.gregoiredetours.fr\/blog\/wp-content\/uploads\/2018\/11\/Le-discours-glorieux-de-Nicolas-Chauvin.jpg 1777w\" sizes=\"(max-width: 300px) 100vw, 300px\" \/><\/a><figcaption id=\"caption-attachment-256\" class=\"wp-caption-text\">Le discours glorieux de Nicolas Chauvin<\/figcaption><\/figure>\n<p>Pour apr\u00e8s l\u2019annonce de la s\u00e9lection, a \u00e9t\u00e9 propos\u00e9 comme film de cl\u00f4ture <em>L\u2019Incroyable Histoire du facteur Cheval<\/em>. Le r\u00e9alisateur en est Nilss Tavernier et Jacques Gamblin a le r\u00f4le de ce personnage qui laissa \u00e0 la post\u00e9rit\u00e9 une imposante architecture na\u00efve dans un village de la Dr\u00f4me. \u00a0Le tournage a eu lieu sur place \u00e0 Hauterives avec une action qui d\u00e9marre en 1879, ann\u00e9e du d\u00e9but de la construction et se cl\u00f4t au d\u00e9c\u00e8s de Ferdinand Cheval en 1924, soit douze ans apr\u00e8s l\u2019arr\u00eat des travaux. La dimension psychologique du personnage est heureusement plus largement d\u00e9velopp\u00e9e que l\u2019avanc\u00e9e de la r\u00e9alisation\u00a0; bref un film d\u2019une grande sensibilit\u00e9. Ce site re\u00e7oit environ 150\u00a0000 visiteurs chaque ann\u00e9e et il est vraisemblable que le nombre sera en nette augmentation en 2019.<\/p>\n<figure id=\"attachment_254\" aria-describedby=\"caption-attachment-254\" style=\"width: 150px\" class=\"wp-caption aligncenter\"><a href=\"http:\/\/www.gregoiredetours.fr\/blog\/wp-content\/uploads\/2018\/11\/FACTEUR-CHEVAL.jpg\"><img loading=\"lazy\" class=\"wp-image-254 size-thumbnail\" src=\"http:\/\/www.gregoiredetours.fr\/blog\/wp-content\/uploads\/2018\/11\/FACTEUR-CHEVAL-150x150.jpg\" alt=\"\" width=\"150\" height=\"150\" \/><\/a><figcaption id=\"caption-attachment-254\" class=\"wp-caption-text\">Le facteur Cheval<\/figcaption><\/figure>\n<p>Notons que ce sont environ quatre-vingt films longs ou courts qui avaient \u00e9t\u00e9 choisis par Paolo Moretti et Charlotte Serrand et que le public comprend une part croissante de gens ext\u00e9rieurs \u00e0 la r\u00e9gion Pays-de-la-Loire. Nul doute que, l\u2019ann\u00e9e prochaine, pour le dixi\u00e8me anniversaire de ce festival atypique, attendra pour les spectateurs un choix f\u00e9\u00e9rique de films.<\/p>\n<p><strong>Alain Chiron <\/strong><\/p>\n<p>&nbsp;<\/p>\n<p>&nbsp;<\/p>\n","protected":false},"excerpt":{"rendered":"<p>par Alain Chiron \u00a0Cette ann\u00e9e, contrairement \u00e0 l\u2019ann\u00e9e derni\u00e8re, peu de films venant d\u2019une culture non occidentale ont \u00e9t\u00e9 projet\u00e9s\u00a0; ceci ne voulant pas dire que des questions, touchant d\u2019autres continents que l\u2019Europe ou que l\u2019Am\u00e9rique du nord, n\u2019\u00e9taient pas pr\u00e9sentes. Fut salu\u00e9 par le Prix sp\u00e9cial du jury ex aequo avec La Favorite, le &hellip; <a href=\"https:\/\/www.gregoiredetours.fr\/blog\/2018\/11\/06\/festival-international-du-film-de-la-roche-sur-yon-bilan-2018\/\" class=\"more-link\">Continuer la lecture de <span class=\"screen-reader-text\">[tribune libre] Festival international du film de La Roche-sur-Yon bilan 2018<\/span><\/a><\/p>\n","protected":false},"author":1,"featured_media":0,"comment_status":"open","ping_status":"open","sticky":false,"template":"","format":"standard","meta":[],"categories":[1],"tags":[],"_links":{"self":[{"href":"https:\/\/www.gregoiredetours.fr\/blog\/wp-json\/wp\/v2\/posts\/249"}],"collection":[{"href":"https:\/\/www.gregoiredetours.fr\/blog\/wp-json\/wp\/v2\/posts"}],"about":[{"href":"https:\/\/www.gregoiredetours.fr\/blog\/wp-json\/wp\/v2\/types\/post"}],"author":[{"embeddable":true,"href":"https:\/\/www.gregoiredetours.fr\/blog\/wp-json\/wp\/v2\/users\/1"}],"replies":[{"embeddable":true,"href":"https:\/\/www.gregoiredetours.fr\/blog\/wp-json\/wp\/v2\/comments?post=249"}],"version-history":[{"count":3,"href":"https:\/\/www.gregoiredetours.fr\/blog\/wp-json\/wp\/v2\/posts\/249\/revisions"}],"predecessor-version":[{"id":272,"href":"https:\/\/www.gregoiredetours.fr\/blog\/wp-json\/wp\/v2\/posts\/249\/revisions\/272"}],"wp:attachment":[{"href":"https:\/\/www.gregoiredetours.fr\/blog\/wp-json\/wp\/v2\/media?parent=249"}],"wp:term":[{"taxonomy":"category","embeddable":true,"href":"https:\/\/www.gregoiredetours.fr\/blog\/wp-json\/wp\/v2\/categories?post=249"},{"taxonomy":"post_tag","embeddable":true,"href":"https:\/\/www.gregoiredetours.fr\/blog\/wp-json\/wp\/v2\/tags?post=249"}],"curies":[{"name":"wp","href":"https:\/\/api.w.org\/{rel}","templated":true}]}}